{"@context":"https:\/\/schema.org\/","@type":"CollectionPage","@id":"https:\/\/www.setlik.cz\/dum-a-zahrada\/#CollectionPage","headline":"D\u016fm a zahrada Category","description":"","url":"https:\/\/www.setlik.cz\/dum-a-zahrada\/","hasPart":[{"@type":"Article","@id":"https:\/\/www.setlik.cz\/libecek-by-nemel-v-zahrade-chybet\/","headline":"Libe\u010dek by nem\u011bl v zahrad\u011b chyb\u011bt","url":"https:\/\/www.setlik.cz\/libecek-by-nemel-v-zahrade-chybet\/","datePublished":"2025-03-01","dateModified":"2023-05-04","mainEntityOfPage":"https:\/\/www.setlik.cz\/libecek-by-nemel-v-zahrade-chybet\/","author":{"@type":"Person","@id":"https:\/\/www.setlik.cz\/author\/#Person","name":"setlik.cz\n","url":"https:\/\/www.setlik.cz\/author\/","identifier":1,"image":{"@type":"ImageObject","@id":"https:\/\/secure.gravatar.com\/avatar\/f7320ca526354d2794ceb75173050bfa147af8617816df401a16569341b5fbaf?s=96&d=mm&r=g","url":"https:\/\/secure.gravatar.com\/avatar\/f7320ca526354d2794ceb75173050bfa147af8617816df401a16569341b5fbaf?s=96&d=mm&r=g","height":96,"width":96}},"publisher":{"@type":"Organization","name":"setlik.cz","logo":{"@type":"ImageObject","@id":"\/logo.png","url":"\/logo.png","width":600,"height":60}},"image":{"@type":"ImageObject","@id":"https:\/\/www.setlik.cz\/wp-content\/uploads\/img_a333403_w2265_t1546718265.jpg","url":"https:\/\/www.setlik.cz\/wp-content\/uploads\/img_a333403_w2265_t1546718265.jpg","height":0,"width":0},"keywords":null},{"@type":"Article","@id":"https:\/\/www.setlik.cz\/pravek-na-zahradce\/","headline":"Prav\u011bk na zahr\u00e1dce","url":"https:\/\/www.setlik.cz\/pravek-na-zahradce\/","datePublished":"2025-02-28","dateModified":"2023-05-04","mainEntityOfPage":"https:\/\/www.setlik.cz\/pravek-na-zahradce\/","author":{"@type":"Person","@id":"https:\/\/www.setlik.cz\/author\/#Person","name":"setlik.cz\n","url":"https:\/\/www.setlik.cz\/author\/","identifier":1,"image":{"@type":"ImageObject","@id":"https:\/\/secure.gravatar.com\/avatar\/f7320ca526354d2794ceb75173050bfa147af8617816df401a16569341b5fbaf?s=96&d=mm&r=g","url":"https:\/\/secure.gravatar.com\/avatar\/f7320ca526354d2794ceb75173050bfa147af8617816df401a16569341b5fbaf?s=96&d=mm&r=g","height":96,"width":96}},"publisher":{"@type":"Organization","name":"setlik.cz","logo":{"@type":"ImageObject","@id":"\/logo.png","url":"\/logo.png","width":600,"height":60}},"image":{"@type":"ImageObject","@id":"https:\/\/www.setlik.cz\/wp-content\/uploads\/img_a291983_w2265_t1504201606.jpg","url":"https:\/\/www.setlik.cz\/wp-content\/uploads\/img_a291983_w2265_t1504201606.jpg","height":0,"width":0},"keywords":null},{"@type":"Article","@id":"https:\/\/www.setlik.cz\/kde-berou-podnikatele-pujcky\/","headline":"Kde berou podnikatel\u00e9 p\u016fj\u010dky?","url":"https:\/\/www.setlik.cz\/kde-berou-podnikatele-pujcky\/","datePublished":"2023-03-19","dateModified":"2023-03-19","mainEntityOfPage":"https:\/\/www.setlik.cz\/kde-berou-podnikatele-pujcky\/","author":{"@type":"Person","@id":"https:\/\/www.setlik.cz\/author\/#Person","name":"setlik.cz\n","url":"https:\/\/www.setlik.cz\/author\/","identifier":1,"image":{"@type":"ImageObject","@id":"https:\/\/secure.gravatar.com\/avatar\/f7320ca526354d2794ceb75173050bfa147af8617816df401a16569341b5fbaf?s=96&d=mm&r=g","url":"https:\/\/secure.gravatar.com\/avatar\/f7320ca526354d2794ceb75173050bfa147af8617816df401a16569341b5fbaf?s=96&d=mm&r=g","height":96,"width":96}},"publisher":{"@type":"Organization","name":"setlik.cz","logo":{"@type":"ImageObject","@id":"\/logo.png","url":"\/logo.png","width":600,"height":60}},"image":{"@type":"ImageObject","@id":"https:\/\/www.setlik.cz\/wp-content\/uploads\/money-5051822_960_720.jpg","url":"https:\/\/www.setlik.cz\/wp-content\/uploads\/money-5051822_960_720.jpg","height":0,"width":0},"keywords":null},{"@type":"Article","@id":"https:\/\/www.setlik.cz\/hypoteka-bez-dokladani-prijmu-existuje\/","headline":"Hypot\u00e9ka bez dokl\u00e1d\u00e1n\u00ed p\u0159\u00edjm\u016f existuje","url":"https:\/\/www.setlik.cz\/hypoteka-bez-dokladani-prijmu-existuje\/","datePublished":"2021-12-31","dateModified":"2023-05-04","mainEntityOfPage":"https:\/\/www.setlik.cz\/hypoteka-bez-dokladani-prijmu-existuje\/","author":{"@type":"Person","@id":"https:\/\/www.setlik.cz\/author\/#Person","name":"setlik.cz\n","url":"https:\/\/www.setlik.cz\/author\/","identifier":1,"image":{"@type":"ImageObject","@id":"https:\/\/secure.gravatar.com\/avatar\/f7320ca526354d2794ceb75173050bfa147af8617816df401a16569341b5fbaf?s=96&d=mm&r=g","url":"https:\/\/secure.gravatar.com\/avatar\/f7320ca526354d2794ceb75173050bfa147af8617816df401a16569341b5fbaf?s=96&d=mm&r=g","height":96,"width":96}},"publisher":{"@type":"Organization","name":"setlik.cz","logo":{"@type":"ImageObject","@id":"\/logo.png","url":"\/logo.png","width":600,"height":60}},"image":{"@type":"ImageObject","@id":"https:\/\/www.setlik.cz\/wp-content\/uploads\/platebn%C3%AD%20karta_10_6.jpg","url":"https:\/\/www.setlik.cz\/wp-content\/uploads\/platebn%C3%AD%20karta_10_6.jpg","height":0,"width":0},"keywords":null},{"@type":"Article","@id":"https:\/\/www.setlik.cz\/mobilni-dum-prave-pro-vas\/","headline":"Mobiln\u00ed d\u016fm pr\u00e1v\u011b pro V\u00e1s","url":"https:\/\/www.setlik.cz\/mobilni-dum-prave-pro-vas\/","datePublished":"2021-01-16","dateModified":"2023-05-04","mainEntityOfPage":"https:\/\/www.setlik.cz\/mobilni-dum-prave-pro-vas\/","author":{"@type":"Person","@id":"https:\/\/www.setlik.cz\/author\/#Person","name":"setlik.cz\n","url":"https:\/\/www.setlik.cz\/author\/","identifier":1,"image":{"@type":"ImageObject","@id":"https:\/\/secure.gravatar.com\/avatar\/f7320ca526354d2794ceb75173050bfa147af8617816df401a16569341b5fbaf?s=96&d=mm&r=g","url":"https:\/\/secure.gravatar.com\/avatar\/f7320ca526354d2794ceb75173050bfa147af8617816df401a16569341b5fbaf?s=96&d=mm&r=g","height":96,"width":96}},"publisher":{"@type":"Organization","name":"setlik.cz","logo":{"@type":"ImageObject","@id":"\/logo.png","url":"\/logo.png","width":600,"height":60}},"image":{"@type":"ImageObject","@id":"https:\/\/www.setlik.cz\/wp-content\/uploads\/notebook%20k%C3%A1va%20postel.jpeg","url":"https:\/\/www.setlik.cz\/wp-content\/uploads\/notebook%20k%C3%A1va%20postel.jpeg","height":0,"width":0},"keywords":null},{"@type":"Article","@id":"https:\/\/www.setlik.cz\/jaka-svetla-volit-do-kuchyne-loznice-a-detskeho-pokoje\/","headline":"Jak\u00e1 sv\u011btla volit do kuchyn\u011b, lo\u017enice a d\u011btsk\u00e9ho pokoje","url":"https:\/\/www.setlik.cz\/jaka-svetla-volit-do-kuchyne-loznice-a-detskeho-pokoje\/","datePublished":"2019-07-17","dateModified":"2023-05-04","mainEntityOfPage":"https:\/\/www.setlik.cz\/jaka-svetla-volit-do-kuchyne-loznice-a-detskeho-pokoje\/","author":{"@type":"Person","@id":"https:\/\/www.setlik.cz\/author\/#Person","name":"setlik.cz\n","url":"https:\/\/www.setlik.cz\/author\/","identifier":1,"image":{"@type":"ImageObject","@id":"https:\/\/secure.gravatar.com\/avatar\/f7320ca526354d2794ceb75173050bfa147af8617816df401a16569341b5fbaf?s=96&d=mm&r=g","url":"https:\/\/secure.gravatar.com\/avatar\/f7320ca526354d2794ceb75173050bfa147af8617816df401a16569341b5fbaf?s=96&d=mm&r=g","height":96,"width":96}},"publisher":{"@type":"Organization","name":"setlik.cz","logo":{"@type":"ImageObject","@id":"\/logo.png","url":"\/logo.png","width":600,"height":60}},"image":{"@type":"ImageObject","@id":"https:\/\/www.setlik.cz\/wp-content\/uploads\/img_a359588_w3294_t1573542449.jpg","url":"https:\/\/www.setlik.cz\/wp-content\/uploads\/img_a359588_w3294_t1573542449.jpg","height":0,"width":0},"keywords":null},{"@type":"Article","@id":"https:\/\/www.setlik.cz\/ochranu-bazenu-lze-resit-zastresenim-nebo-bazenovou-plachtou\/","headline":"Ochranu baz\u00e9nu lze \u0159e\u0161it zast\u0159e\u0161en\u00edm, nebo baz\u00e9novou plachtou","url":"https:\/\/www.setlik.cz\/ochranu-bazenu-lze-resit-zastresenim-nebo-bazenovou-plachtou\/","datePublished":"2018-05-21","dateModified":"2024-03-28","mainEntityOfPage":"https:\/\/www.setlik.cz\/ochranu-bazenu-lze-resit-zastresenim-nebo-bazenovou-plachtou\/","author":{"@type":"Person","@id":"https:\/\/www.setlik.cz\/author\/#Person","name":"setlik.cz\n","url":"https:\/\/www.setlik.cz\/author\/","identifier":1,"image":{"@type":"ImageObject","@id":"https:\/\/secure.gravatar.com\/avatar\/f7320ca526354d2794ceb75173050bfa147af8617816df401a16569341b5fbaf?s=96&d=mm&r=g","url":"https:\/\/secure.gravatar.com\/avatar\/f7320ca526354d2794ceb75173050bfa147af8617816df401a16569341b5fbaf?s=96&d=mm&r=g","height":96,"width":96}},"publisher":{"@type":"Organization","name":"setlik.cz","logo":{"@type":"ImageObject","@id":"\/logo.png","url":"\/logo.png","width":600,"height":60}},"image":{"@type":"ImageObject","@id":"https:\/\/www.setlik.cz\/wp-content\/uploads\/img_a317057_w2425_t1527777265.jpg","url":"https:\/\/www.setlik.cz\/wp-content\/uploads\/img_a317057_w2425_t1527777265.jpg","height":0,"width":0},"keywords":null},{"@type":"Article","@id":"https:\/\/www.setlik.cz\/kuchyne-na-miru-splneny-sen-a-usetreny-cas\/","headline":"Kuchyn\u011b na m\u00edru, spln\u011bn\u00fd sen a u\u0161et\u0159en\u00fd \u010das","url":"https:\/\/www.setlik.cz\/kuchyne-na-miru-splneny-sen-a-usetreny-cas\/","datePublished":"2017-05-05","dateModified":"2023-05-04","mainEntityOfPage":"https:\/\/www.setlik.cz\/kuchyne-na-miru-splneny-sen-a-usetreny-cas\/","author":{"@type":"Person","@id":"https:\/\/www.setlik.cz\/author\/#Person","name":"setlik.cz\n","url":"https:\/\/www.setlik.cz\/author\/","identifier":1,"image":{"@type":"ImageObject","@id":"https:\/\/secure.gravatar.com\/avatar\/f7320ca526354d2794ceb75173050bfa147af8617816df401a16569341b5fbaf?s=96&d=mm&r=g","url":"https:\/\/secure.gravatar.com\/avatar\/f7320ca526354d2794ceb75173050bfa147af8617816df401a16569341b5fbaf?s=96&d=mm&r=g","height":96,"width":96}},"publisher":{"@type":"Organization","name":"setlik.cz","logo":{"@type":"ImageObject","@id":"\/logo.png","url":"\/logo.png","width":600,"height":60}},"image":{"@type":"ImageObject","@id":"https:\/\/www.setlik.cz\/wp-content\/uploads\/img_a289521_w2265_t1500920501.jpg","url":"https:\/\/www.setlik.cz\/wp-content\/uploads\/img_a289521_w2265_t1500920501.jpg","height":0,"width":0},"keywords":null},{"@type":"Article","@id":"https:\/\/www.setlik.cz\/nejnutnejsi-kus-nabytku-v-obyvacim-pokoji\/","headline":"Nejnutn\u011bj\u0161\u00ed kus n\u00e1bytku v ob\u00fdvac\u00edm pokoji","url":"https:\/\/www.setlik.cz\/nejnutnejsi-kus-nabytku-v-obyvacim-pokoji\/","datePublished":"2017-03-21","dateModified":"2023-05-04","mainEntityOfPage":"https:\/\/www.setlik.cz\/nejnutnejsi-kus-nabytku-v-obyvacim-pokoji\/","author":{"@type":"Person","@id":"https:\/\/www.setlik.cz\/author\/#Person","name":"setlik.cz\n","url":"https:\/\/www.setlik.cz\/author\/","identifier":1,"image":{"@type":"ImageObject","@id":"https:\/\/secure.gravatar.com\/avatar\/f7320ca526354d2794ceb75173050bfa147af8617816df401a16569341b5fbaf?s=96&d=mm&r=g","url":"https:\/\/secure.gravatar.com\/avatar\/f7320ca526354d2794ceb75173050bfa147af8617816df401a16569341b5fbaf?s=96&d=mm&r=g","height":96,"width":96}},"publisher":{"@type":"Organization","name":"setlik.cz","logo":{"@type":"ImageObject","@id":"\/logo.png","url":"\/logo.png","width":600,"height":60}},"image":null,"keywords":null}]}