[{"@context":"https:\/\/schema.org\/","@type":"Article","@id":"https:\/\/www.setlik.cz\/nutne-to-nepotrebujeme-ale-presto-to-musime-mit\/#Article","mainEntityOfPage":"https:\/\/www.setlik.cz\/nutne-to-nepotrebujeme-ale-presto-to-musime-mit\/","headline":"Nutn\u011b to nepot\u0159ebujeme, ale p\u0159esto to mus\u00edme m\u00edt","name":"Nutn\u011b to nepot\u0159ebujeme, ale p\u0159esto to mus\u00edme m\u00edt","description":"Klimatizace V posledn\u00edch letech si \u010d\u00edm d\u00e1l v\u00edce v\u0161\u00edm\u00e1me zm\u011bn po\u010das\u00ed v na\u0161ich zem\u011bpisn\u00fdch \u0161\u00ed\u0159k\u00e1ch. Zimy jsou pom\u011brn\u011b m\u00edrn\u00e9 a jaksi rovnou p\u0159ech\u00e1zej\u00ed do l\u00e9ta, jakoby u\u017e jaro ani nebylo. A l\u00e9ta b\u00fdvaj\u00ed pom\u011brn\u011b hork\u00e1. To n\u00e1s nut\u00ed se zam\u00fd\u0161let nad t\u00edm, jak tepl\u00e9 dny a noci v na\u0161ich obydl\u00edch vydr\u017eet. Kdo m\u00e1 rodinn\u00fd domek, [&hellip;]","datePublished":"2018-06-12","dateModified":"2023-05-04","author":{"@type":"Person","@id":"https:\/\/www.setlik.cz\/author\/#Person","name":"setlik.cz\n","url":"https:\/\/www.setlik.cz\/author\/","identifier":1,"image":{"@type":"ImageObject","@id":"https:\/\/secure.gravatar.com\/avatar\/f7320ca526354d2794ceb75173050bfa147af8617816df401a16569341b5fbaf?s=96&d=mm&r=g","url":"https:\/\/secure.gravatar.com\/avatar\/f7320ca526354d2794ceb75173050bfa147af8617816df401a16569341b5fbaf?s=96&d=mm&r=g","height":96,"width":96}},"publisher":{"@type":"Organization","name":"setlik.cz","logo":{"@type":"ImageObject","@id":"\/logo.png","url":"\/logo.png","width":600,"height":60}},"image":{"@type":"ImageObject","@id":"https:\/\/www.setlik.cz\/wp-content\/uploads\/img_a320841_w2265_t1532114885.jpg","url":"https:\/\/www.setlik.cz\/wp-content\/uploads\/img_a320841_w2265_t1532114885.jpg","height":0,"width":0},"url":"https:\/\/www.setlik.cz\/nutne-to-nepotrebujeme-ale-presto-to-musime-mit\/","about":["V\u00fdrobky"],"wordCount":407,"articleBody":" Klimatizace V posledn\u00edch letech si \u010d\u00edm d\u00e1l v\u00edce v\u0161\u00edm\u00e1me zm\u011bn po\u010das\u00ed v na\u0161ich zem\u011bpisn\u00fdch \u0161\u00ed\u0159k\u00e1ch. Zimy jsou pom\u011brn\u011b m\u00edrn\u00e9 a jaksi rovnou p\u0159ech\u00e1zej\u00ed do l\u00e9ta, jakoby u\u017e jaro ani nebylo. A l\u00e9ta b\u00fdvaj\u00ed pom\u011brn\u011b hork\u00e1. To n\u00e1s nut\u00ed se zam\u00fd\u0161let nad t\u00edm, jak tepl\u00e9 dny a noci v na\u0161ich obydl\u00edch vydr\u017eet. Kdo m\u00e1 rodinn\u00fd domek, ten umis\u0165uje lo\u017enici a d\u011btsk\u00e9 pokoje obvykle do patra, do podkrov\u00ed. A tam v l\u00e9t\u011b b\u00fdv\u00e1 hodn\u011b parno, \u017ee n\u00e1m to ani nedovoluje po\u0159\u00e1dn\u011b se vyspat. Proto sah\u00e1me po \u0159e\u0161en\u00ed, kter\u00e9 se p\u0159\u00edmo nab\u00edz\u00ed. Po klimatizaci . Jejich v\u00fdb\u011br i mo\u017enosti v posledn\u00edch letech rostou a ka\u017ed\u00fd se n\u011bjakou vhodnou pro sv\u016fj p\u0159\u00edbytek m\u016f\u017ee vybrat. V zim\u011b si s n\u00ed pak m\u016f\u017eeme p\u0159it\u00e1p\u011bt, pokud nejsou \u017e\u00e1dn\u00e9 tuh\u00e9 mrazy. \u017daluzie N\u011bkte\u0159\u00ed lid\u00e9, v\u010detn\u011b m\u011b, nesn\u00e1\u0161ej\u00ed zatemn\u011bn\u00e9 pokoje. Jin\u00ed by zase jinde ne\u017e v naprost\u00e9 tm\u011b neusnuli a rozhodn\u011b netou\u017e\u00ed po zv\u011bdav\u00fdch pohledech soused\u016f. \u017daluzie se za posledn\u00ed desetilet\u00ed tak\u00e9 v mnoh\u00e9m zm\u011bnily, co se kvality a proveden\u00ed t\u00fd\u010de. M\u016f\u017eeme si po\u0159\u00eddit vnit\u0159n\u00ed nebo venkovn\u00ed, s automatick\u00fdm ovl\u00e1d\u00e1n\u00edm a naprogramov\u00e1n\u00edm i na dobu, kdy se nevyskytujeme doma. Jsou schopn\u00e9 reagovat samy na intenzitu sv\u011btla a podle toho se zatahovat nebo roztahovat. Na nov\u00fdch bytov\u00fdch domech nebo rodinn\u00fdch domc\u00edch je u\u017e v\u00edd\u00e1me pravideln\u011b. Ty venkovn\u00ed slou\u017e\u00ed nejen jako ochrana p\u0159ed sluncem a k ve\u010dern\u00edmu zatemn\u011bn\u00ed pokoj\u016f, ale i jako ochrana p\u0159ed vloup\u00e1n\u00edm. Dostat se p\u0159es n\u011b k oknu a rozb\u00edt je nen\u00ed v\u016fbec jednoduch\u00e9 a zp\u016fsob\u00ed to dost rand\u00e1lu. M\u016f\u017eeme si vyb\u00edrat i z r\u016fzn\u00fdch barev a materi\u00e1l\u016f a jejich \u00fadr\u017eba u\u017e tak\u00e9 nen\u00ed nijak n\u00e1ro\u010dn\u00e1. Centr\u00e1ln\u00ed vysava\u010d Ide\u00e1ln\u00ed pro rodinn\u00e9 domy o v\u00edce patrech, kde nechceme zbyte\u010dn\u011b v\u00ed\u0159it prach a tahat vysava\u010d s kabelem v\u0161ude za sebou. Rychl\u00fd \u00faklid, kdy zapoj\u00edme pouze hadici a velmi tich\u00fd. Bohu\u017eel je mo\u017en\u00e9 ho zabudovat jen u novostaveb nebo p\u0159i celkov\u00e9 rekonstrukci objektu.                                                                                                                                                                                                                                                                                                                                                                                        4.1\/5 - (7 votes)        "},{"@context":"https:\/\/schema.org\/","@type":"BreadcrumbList","itemListElement":[{"@type":"ListItem","position":1,"name":"Nutn\u011b to nepot\u0159ebujeme, ale p\u0159esto to mus\u00edme m\u00edt","item":"https:\/\/www.setlik.cz\/nutne-to-nepotrebujeme-ale-presto-to-musime-mit\/#breadcrumbitem"}]}]