[{"@context":"https:\/\/schema.org\/","@type":"Article","@id":"https:\/\/www.setlik.cz\/proc-si-vybrat-kamen-porfyr\/#Article","mainEntityOfPage":"https:\/\/www.setlik.cz\/proc-si-vybrat-kamen-porfyr\/","headline":"Pro\u010d si vybrat k\u00e1men porfyr","name":"Pro\u010d si vybrat k\u00e1men porfyr","description":"Porfyr je souhrnn\u00fd n\u00e1zev pro druh p\u0159\u00edrodn\u00edho kamene, kter\u00fd vynik\u00e1 svou velmi zvl\u00e1\u0161tn\u00ed a unik\u00e1tn\u00ed kresbou. Je to vulkanick\u00fd miner\u00e1l, jeho\u017e sou\u010d\u00e1st\u00ed jsou velk\u00e9 a n\u00e1padn\u00e9 krystaly k\u0159emene, p\u0159\u00edpadn\u011b \u017eivce, a pr\u00e1v\u011b ty se pod\u00edl\u00ed na jeho oblib\u011b mezi materi\u00e1ly pro dekorativn\u00ed \u00fa\u010dely. Nej\u010dast\u011bji jde o obklady a dla\u017eby, s nimi\u017e se celkov\u00fd prostor v\u00fdrazn\u011b [&hellip;]","datePublished":"2021-08-19","dateModified":"2023-10-05","author":{"@type":"Person","@id":"https:\/\/www.setlik.cz\/author\/#Person","name":"setlik.cz\n","url":"https:\/\/www.setlik.cz\/author\/","identifier":1,"image":{"@type":"ImageObject","@id":"https:\/\/secure.gravatar.com\/avatar\/f7320ca526354d2794ceb75173050bfa147af8617816df401a16569341b5fbaf?s=96&d=mm&r=g","url":"https:\/\/secure.gravatar.com\/avatar\/f7320ca526354d2794ceb75173050bfa147af8617816df401a16569341b5fbaf?s=96&d=mm&r=g","height":96,"width":96}},"publisher":{"@type":"Organization","name":"setlik.cz","logo":{"@type":"ImageObject","@id":"\/logo.png","url":"\/logo.png","width":600,"height":60}},"image":{"@type":"ImageObject","@id":"https:\/\/www.setlik.cz\/wp-content\/uploads\/k%C3%A1men%20porfyr.jpg","url":"https:\/\/www.setlik.cz\/wp-content\/uploads\/k%C3%A1men%20porfyr.jpg","height":0,"width":0},"url":"https:\/\/www.setlik.cz\/proc-si-vybrat-kamen-porfyr\/","about":["V\u00fdrobky"],"wordCount":402,"articleBody":"      Porfyr je souhrnn\u00fd n\u00e1zev pro druh p\u0159\u00edrodn\u00edho kamene, kter\u00fd vynik\u00e1 svou velmi zvl\u00e1\u0161tn\u00ed a unik\u00e1tn\u00ed kresbou. Je to vulkanick\u00fd miner\u00e1l, jeho\u017e sou\u010d\u00e1st\u00ed jsou velk\u00e9 a n\u00e1padn\u00e9 krystaly k\u0159emene, p\u0159\u00edpadn\u011b \u017eivce, a pr\u00e1v\u011b ty se pod\u00edl\u00ed na jeho oblib\u011b mezi materi\u00e1ly pro dekorativn\u00ed \u00fa\u010dely. Nej\u010dast\u011bji jde o obklady a dla\u017eby, s nimi\u017e se celkov\u00fd prostor v\u00fdrazn\u011b zvedne a vytvo\u0159\u00ed n\u00e1padn\u00e9 \u0159e\u0161en\u00ed, vhodn\u00e9 do exteri\u00e9ru i do vnit\u0159n\u00edch prostor, zejm\u00e9na v\u011bt\u0161\u00edch rozm\u011br\u016f, jako jsou haly, terasy, chodn\u00edky, p\u0159\u00edst\u0159e\u0161ky, alt\u00e1ny, pergoly, venkovn\u00ed krby, v\u00fdklenky atd. Jak\u00e9 jsou jeho vlastnosti a \u010d\u00edm n\u00e1s m\u016f\u017ee p\u0159\u00edjemn\u011b p\u0159ekvapit?Odoln\u00fd v\u016f\u010di pov\u011btrnostn\u00edm vliv\u016fm \u2013 zvol\u00edte-li porfyr do interi\u00e9ru, vydr\u017e\u00ed tam des\u00edtky let prakticky v nezm\u011bn\u011bn\u00e9 podob\u011b, a to prakticky bez \u00fadr\u017eby. Tot\u00e9\u017e ov\u0161em plat\u00ed i o venkovn\u00edm prost\u0159ed\u00ed, kde na jeho \u017eivotnost nem\u00e1 negativn\u00ed vliv UV z\u00e1\u0159en\u00ed, d\u00e9\u0161\u0165, sn\u00edh, ani teplotn\u00ed v\u00fdkyvy od letn\u00edho \u017e\u00e1ru a\u017e po t\u0159eskut\u00e9 mrazy.N\u00e1dhern\u00e9 barvy \u2013 mezi obkladov\u00fdmi materi\u00e1ly vynik\u00e1 n\u00e1dhern\u00fdm zbarven\u00edm v odst\u00ednech kr\u00e9mov\u00e9, hn\u011bd\u00e9, oran\u017eov\u00e9, rezav\u00e9, v\u00ednov\u00e9 \u010di \u0161ed\u00e9. Ty v\u00fdborn\u011b kontrastuj\u00ed zejm\u00e9na se syt\u011b zelenou barvou tr\u00e1vn\u00edku, jehli\u010dnan\u016f a okrasn\u00fdch rostlin \u010di skalni\u010dek a proto se hod\u00ed jako sou\u010d\u00e1st teras okrasn\u00fdch zahrad.U baz\u00e9nu na letn\u00edm slunci \u2013 k\u00e1men porfyr se velmi \u010dasto vyskytuje jako dekorativn\u00ed prvek u zahradn\u00edch zapu\u0161t\u011bn\u00fdch baz\u00e9n\u016f, v\u00ed\u0159ivek, slune\u010dn\u00edch teras a sportovi\u0161\u0165, kde se lid\u00e9 pohybuj\u00ed jen lehce od\u011bni, a na\u0161lapuj\u00ed po zemi bos\u00fdmi chodidly. V\u00fdhodou porfyru je, \u017ee l\u00e9pe odr\u00e1\u017e\u00ed teplo ze slunce, ne\u017e jin\u00e9 druhy kamene, tak\u017ee v\u00e1m poko\u017eku na chodidlech nebude p\u0159ipalovat tak, jako nap\u0159. b\u0159idlice.Hod\u00ed se i do bytu \u2013 zvol\u00edte-li jej jako podlahovou krytinu v dom\u011b \u010di v byt\u011b, jist\u011b v\u00e1s nezklame tam, kde je vhodn\u011bj\u0161\u00ed dla\u017eba, ne\u017e koberec, nap\u0159. v koupeln\u00e1ch \u010di v kuchyn\u00edch. Je velmi pevn\u00fd, tak\u017ee v kuchyni p\u0159i p\u00e1du n\u00e1dob\u00ed na zem nepraskne, jak se to st\u00e1v\u00e1 nap\u0159. u keramick\u00e9 dla\u017eby.                                                                                                                                                                                                                                                                                                                                                                                         4.5\/5 - (4 votes)        "},{"@context":"https:\/\/schema.org\/","@type":"BreadcrumbList","itemListElement":[{"@type":"ListItem","position":1,"name":"Pro\u010d si vybrat k\u00e1men porfyr","item":"https:\/\/www.setlik.cz\/proc-si-vybrat-kamen-porfyr\/#breadcrumbitem"}]}]