[{"@context":"https:\/\/schema.org\/","@type":"Article","@id":"https:\/\/www.setlik.cz\/vybirame-kojenecke-obleceni\/#Article","mainEntityOfPage":"https:\/\/www.setlik.cz\/vybirame-kojenecke-obleceni\/","headline":"Vyb\u00edr\u00e1me kojeneck\u00e9 oble\u010den\u00ed","name":"Vyb\u00edr\u00e1me kojeneck\u00e9 oble\u010den\u00ed","description":"Ka\u017ed\u00e1 nast\u00e1vaj\u00edc\u00ed maminka vyb\u00edr\u00e1 pro sv\u00e9 miminko tu nejlep\u0161\u00ed a nejkr\u00e1sn\u011bj\u0161\u00ed v\u00fdbavi\u010dku. Dnes u\u017e v\u011bt\u0161inou pohlav\u00ed d\u011b\u0165\u00e1tka v\u00edme dost dop\u0159edu, tak\u017ee rovnou m\u016f\u017eeme nakupovat oble\u010dky v modr\u00fdch nebo r\u016f\u017eov\u00fdch t\u00f3nech. Oble\u010den\u00ed pro miminko je z\u00e1sadn\u00edm bodem v\u00fdbavi\u010dky, stejn\u011b tak jako t\u0159eba vani\u010dka, post\u00fdlka a ko\u010d\u00e1rek. Miminko nem\u00e1 vyvinutou termoregulaci, tak\u017ee se na jeho obl\u00e9k\u00e1n\u00ed mus\u00edme [&hellip;]","datePublished":"2022-01-15","dateModified":"2023-05-04","author":{"@type":"Person","@id":"https:\/\/www.setlik.cz\/author\/#Person","name":"setlik.cz\n","url":"https:\/\/www.setlik.cz\/author\/","identifier":1,"image":{"@type":"ImageObject","@id":"https:\/\/secure.gravatar.com\/avatar\/f7320ca526354d2794ceb75173050bfa147af8617816df401a16569341b5fbaf?s=96&d=mm&r=g","url":"https:\/\/secure.gravatar.com\/avatar\/f7320ca526354d2794ceb75173050bfa147af8617816df401a16569341b5fbaf?s=96&d=mm&r=g","height":96,"width":96}},"publisher":{"@type":"Organization","name":"setlik.cz","logo":{"@type":"ImageObject","@id":"\/logo.png","url":"\/logo.png","width":600,"height":60}},"image":{"@type":"ImageObject","@id":"https:\/\/www.setlik.cz\/wp-content\/uploads\/baby-gd04cb51af_1920.jpg","url":"https:\/\/www.setlik.cz\/wp-content\/uploads\/baby-gd04cb51af_1920.jpg","height":0,"width":0},"url":"https:\/\/www.setlik.cz\/vybirame-kojenecke-obleceni\/","about":["V\u00fdrobky"],"wordCount":453,"articleBody":"   Ka\u017ed\u00e1 nast\u00e1vaj\u00edc\u00ed maminka vyb\u00edr\u00e1 pro sv\u00e9 miminko tu nejlep\u0161\u00ed a nejkr\u00e1sn\u011bj\u0161\u00ed v\u00fdbavi\u010dku. Dnes u\u017e v\u011bt\u0161inou pohlav\u00ed d\u011b\u0165\u00e1tka v\u00edme dost dop\u0159edu, tak\u017ee rovnou m\u016f\u017eeme nakupovat oble\u010dky v modr\u00fdch nebo r\u016f\u017eov\u00fdch t\u00f3nech. Oble\u010den\u00ed pro miminko je z\u00e1sadn\u00edm bodem v\u00fdbavi\u010dky, stejn\u011b tak jako t\u0159eba vani\u010dka, post\u00fdlka a ko\u010d\u00e1rek. Miminko nem\u00e1 vyvinutou termoregulaci, tak\u017ee se na jeho obl\u00e9k\u00e1n\u00ed mus\u00edme pat\u0159i\u010dn\u011b p\u0159ipravit, zvl\u00e1\u0161t\u011b pokud se miminko narod\u00ed v zimn\u00edch m\u011bs\u00edc\u00edch. Miminko mus\u00ed z\u016fstat v teple, ale tak\u00e9 si mus\u00edme d\u00e1vat pozor na p\u0159eh\u0159\u00e1t\u00ed. Jak pozn\u00e1me, \u017ee mal\u00e9mu miminku nen\u00ed zima? S\u00e1hn\u011bte mu za kr\u010dek. Pokud je p\u0159\u00edjemn\u011b tepl\u00fd, miminku je teplo, pokud za\u010d\u00edn\u00e1 za krkem chladnout, miminko p\u0159ioble\u010dte. Stejn\u011b tak jako u dosp\u011bl\u00fdch je ide\u00e1ln\u00ed oble\u010den\u00ed vrstvit.Poj\u010fme se pod\u00edvat na to, jak\u00e9 oble\u010den\u00ed budete po narozen\u00ed miminka pot\u0159ebovat. Z\u00e1kladem jsou kojeneck\u00e9 body s dlouh\u00fdm ruk\u00e1vem, kter\u00e9 se mezi no\u017ei\u010dkami zap\u00ednaj\u00ed na patentky. Nedoch\u00e1z\u00ed tak vyhrnov\u00e1n\u00ed a z\u00e1da miminka z\u016fst\u00e1vaj\u00ed v teple. Tak\u00e9 si na horn\u00ed \u010d\u00e1st t\u011bla m\u016f\u017eete po\u0159\u00eddit r\u016fzn\u00e9 kab\u00e1tky nebo tri\u010dka, ale zde hroz\u00ed zm\u00edn\u011bn\u00e9 vyhrnov\u00e1n\u00ed. Tyto oble\u010dky se hod\u00ed sp\u00ed\u0161e jako druh\u00e1 vrstva na body. D\u00e1le se neobejdete bez dupa\u010dek nebo obl\u00edben\u011bj\u0161\u00edch polodupa\u010dek. Dupa\u010dky chr\u00e1n\u00ed no\u017ei\u010dky, b\u0159\u00ed\u0161ko i z\u00e1da miminka, proto\u017ee se zap\u00ednaj\u00ed p\u0159es ramena. Polodupa\u010dky jsou vlastn\u011b takov\u00e9 tepl\u00e1\u010dky, ale chr\u00e1n\u00ed stejn\u011b jako dupa\u010dky i no\u017ei\u010dky. Miminko proto nepot\u0159ebuje pono\u017eky. Na span\u00ed ur\u010dit\u011b doporu\u010dujeme po\u0159\u00eddit overaly, kter\u00e9 se zap\u00ednaj\u00ed na zip nebo na patentky. No\u010dn\u00ed p\u0159ebalov\u00e1n\u00ed bude d\u00edky t\u011bmto overal\u016fm snadn\u011bj\u0161\u00ed a rychlej\u0161\u00ed. Proto\u017ee m\u00edvaj\u00ed miminka studen\u00e9 nohy, po\u0159i\u010fte si i n\u011bkolik p\u00e1r\u016f pono\u017eek. Pokud se bude miminko \u0161kr\u00e1bat, vyu\u017eijete i lehk\u00e9 rukavi\u010dky. Na ven miminko pot\u0159ebuje bavln\u011bnou \u010depi\u010dku, ide\u00e1ln\u00ed je na zav\u00e1z\u00e1n\u00ed, aby nemohlo miminku nafoukat do u\u0161\u00ed. Do letn\u00edho po\u010das\u00ed si vysta\u010d\u00edte s lehkou mikinou nebo kab\u00e1tkem, pro zimn\u00ed obdob\u00ed si po\u0159i\u010fte tepl\u00fd zimn\u00ed overal. Overaly \u010dasto se\u017eenete i s kapuc\u00ed, kter\u00e1 bude chr\u00e1nit hlavi\u010dku va\u0161eho miminka p\u0159ed necht\u011bn\u00fdm \u00fanikem tepla.                                                                                                                                                                                                                                                                                                                                                                                           4\/5 - (10 votes)        "},{"@context":"https:\/\/schema.org\/","@type":"BreadcrumbList","itemListElement":[{"@type":"ListItem","position":1,"name":"Vyb\u00edr\u00e1me kojeneck\u00e9 oble\u010den\u00ed","item":"https:\/\/www.setlik.cz\/vybirame-kojenecke-obleceni\/#breadcrumbitem"}]}]